{"id":579,"date":"2025-11-01T02:31:00","date_gmt":"2025-11-01T01:31:00","guid":{"rendered":"http:\/\/cafe-am-gleenbach.com\/wordpress\/?p=579"},"modified":"2026-07-01T03:08:14","modified_gmt":"2026-07-01T01:08:14","slug":"weihnachtsfruehstueck","status":"publish","type":"post","link":"https:\/\/cafe-am-gleenbach.com\/?p=579","title":{"rendered":"Weihnachtsfr\u00fchst\u00fcck"},"content":{"rendered":"\n<figure class=\"wp-block-image size-full\"><img loading=\"lazy\" decoding=\"async\" width=\"556\" height=\"793\" src=\"http:\/\/cafe-am-gleenbach.com\/wp-content\/uploads\/2026\/07\/Weihnachtsfruehstueck.png\" alt=\"\" class=\"wp-image-592\"\/><\/figure>\n","protected":false},"excerpt":{"rendered":"<p>Starten Sie den Heiligabend gemeinsam mit Ihren Liebsten bei einem gem\u00fctlichen Fr\u00fchst\u00fcck!<\/p>\n","protected":false},"author":1,"featured_media":0,"comment_status":"open","ping_status":"open","sticky":false,"template":"","format":"standard","meta":{"footnotes":""},"categories":[5],"tags":[],"class_list":["post-579","post","type-post","status-publish","format-standard","hentry","category-events"],"_links":{"self":[{"href":"https:\/\/cafe-am-gleenbach.com\/index.php?rest_route=\/wp\/v2\/posts\/579","targetHints":{"allow":["GET"]}}],"collection":[{"href":"https:\/\/cafe-am-gleenbach.com\/index.php?rest_route=\/wp\/v2\/posts"}],"about":[{"href":"https:\/\/cafe-am-gleenbach.com\/index.php?rest_route=\/wp\/v2\/types\/post"}],"author":[{"embeddable":true,"href":"https:\/\/cafe-am-gleenbach.com\/index.php?rest_route=\/wp\/v2\/users\/1"}],"replies":[{"embeddable":true,"href":"https:\/\/cafe-am-gleenbach.com\/index.php?rest_route=%2Fwp%2Fv2%2Fcomments&post=579"}],"version-history":[{"count":5,"href":"https:\/\/cafe-am-gleenbach.com\/index.php?rest_route=\/wp\/v2\/posts\/579\/revisions"}],"predecessor-version":[{"id":594,"href":"https:\/\/cafe-am-gleenbach.com\/index.php?rest_route=\/wp\/v2\/posts\/579\/revisions\/594"}],"wp:attachment":[{"href":"https:\/\/cafe-am-gleenbach.com\/index.php?rest_route=%2Fwp%2Fv2%2Fmedia&parent=579"}],"wp:term":[{"taxonomy":"category","embeddable":true,"href":"https:\/\/cafe-am-gleenbach.com\/index.php?rest_route=%2Fwp%2Fv2%2Fcategories&post=579"},{"taxonomy":"post_tag","embeddable":true,"href":"https:\/\/cafe-am-gleenbach.com\/index.php?rest_route=%2Fwp%2Fv2%2Ftags&post=579"}],"curies":[{"name":"wp","href":"https:\/\/api.w.org\/{rel}","templated":true}]}}