{"id":614,"date":"2026-07-01T03:53:49","date_gmt":"2026-07-01T01:53:49","guid":{"rendered":"http:\/\/cafe-am-gleenbach.com\/wordpress\/?p=614"},"modified":"2026-07-01T03:59:36","modified_gmt":"2026-07-01T01:59:36","slug":"%f0%9f%8c%b1-neu-bei-uns-veganer-lava-cake-%f0%9f%8d%ab","status":"publish","type":"post","link":"https:\/\/cafe-am-gleenbach.com\/?p=614","title":{"rendered":"Neu bei uns: Veganer Lava Cake! \ud83c\udf6b"},"content":{"rendered":"\n<div class=\"wp-block-group\"><div class=\"wp-block-group__inner-container is-layout-constrained wp-block-group-is-layout-constrained\">\n<div class=\"wp-block-media-text is-stacked-on-mobile is-style-picture-text\"><figure class=\"wp-block-media-text__media\"><img loading=\"lazy\" decoding=\"async\" width=\"1200\" height=\"1600\" src=\"http:\/\/cafe-am-gleenbach.com\/wp-content\/uploads\/2026\/07\/Veganer-Lava-Cake.jpeg\" alt=\"\" class=\"wp-image-615 size-full\"\/><\/figure><div class=\"wp-block-media-text__content\">\n<p class=\"has-text-align-left wp-block-paragraph\">Au\u00dfen zart gebacken, innen herrlich fl\u00fcssig \u2013 unser neuer veganer Lava Cake ist ein echtes Highlight f\u00fcr alle Schokoladenliebhaber. Mit seinem intensiven Kakaogeschmack und dem warmen, schmelzenden Kern sorgt er f\u00fcr den perfekten Genussmoment.<\/p>\n\n\n\n<p class=\"has-text-align-left wp-block-paragraph\">Dazu servieren wir auf Wunsch Vanilleeis und Sahne \u2013 nat\u00fcrlich auch in veganer Variante. Sprich uns einfach jederzeit darauf an, wir bereiten dir gerne eine passende Portion vor.<\/p>\n\n\n\n<p class=\"has-text-align-left wp-block-paragraph\">Ob zum Kaffee, als s\u00fc\u00dfe Auszeit zwischendurch oder als kr\u00f6nender Abschluss eines Besuchs bei uns \u2013 diesen Schokoladentraum solltest du dir nicht entgehen lassen.<\/p>\n\n\n\n<p class=\"has-text-align-left wp-block-paragraph\">Jetzt in unserem Caf\u00e9 erh\u00e4ltlich. Wir freuen uns auf deinen Besuch!<\/p>\n<\/div><\/div>\n\n\n\n<p class=\"wp-block-paragraph\"><\/p>\n<\/div><\/div>\n","protected":false},"excerpt":{"rendered":"<p>**Neu: Veganer Lava Cake**<\/p>\n<p>Schokoladengenuss in seiner sch\u00f6nsten Form: Unser veganer Lava Cake begeistert mit einer zarten H\u00fclle und einem unwiderstehlich fl\u00fcssigen Schokoladenkern. Frisch serviert und perfekt zu einer Tasse Kaffee \u2013 ein Dessert, das man einfach probieren muss.<\/p>\n","protected":false},"author":1,"featured_media":0,"comment_status":"open","ping_status":"open","sticky":false,"template":"","format":"standard","meta":{"footnotes":""},"categories":[6],"tags":[],"class_list":["post-614","post","type-post","status-publish","format-standard","hentry","category-news"],"_links":{"self":[{"href":"https:\/\/cafe-am-gleenbach.com\/index.php?rest_route=\/wp\/v2\/posts\/614","targetHints":{"allow":["GET"]}}],"collection":[{"href":"https:\/\/cafe-am-gleenbach.com\/index.php?rest_route=\/wp\/v2\/posts"}],"about":[{"href":"https:\/\/cafe-am-gleenbach.com\/index.php?rest_route=\/wp\/v2\/types\/post"}],"author":[{"embeddable":true,"href":"https:\/\/cafe-am-gleenbach.com\/index.php?rest_route=\/wp\/v2\/users\/1"}],"replies":[{"embeddable":true,"href":"https:\/\/cafe-am-gleenbach.com\/index.php?rest_route=%2Fwp%2Fv2%2Fcomments&post=614"}],"version-history":[{"count":10,"href":"https:\/\/cafe-am-gleenbach.com\/index.php?rest_route=\/wp\/v2\/posts\/614\/revisions"}],"predecessor-version":[{"id":626,"href":"https:\/\/cafe-am-gleenbach.com\/index.php?rest_route=\/wp\/v2\/posts\/614\/revisions\/626"}],"wp:attachment":[{"href":"https:\/\/cafe-am-gleenbach.com\/index.php?rest_route=%2Fwp%2Fv2%2Fmedia&parent=614"}],"wp:term":[{"taxonomy":"category","embeddable":true,"href":"https:\/\/cafe-am-gleenbach.com\/index.php?rest_route=%2Fwp%2Fv2%2Fcategories&post=614"},{"taxonomy":"post_tag","embeddable":true,"href":"https:\/\/cafe-am-gleenbach.com\/index.php?rest_route=%2Fwp%2Fv2%2Ftags&post=614"}],"curies":[{"name":"wp","href":"https:\/\/api.w.org\/{rel}","templated":true}]}}